{"id":3979,"date":"2026-08-21T12:27:44","date_gmt":"2026-08-21T10:27:44","guid":{"rendered":"https:\/\/katecheza.diecezja.lublin.pl\/?p=3979"},"modified":"2026-08-29T14:59:53","modified_gmt":"2026-08-29T12:59:53","slug":"konferencja-katechetyczna","status":"publish","type":"post","link":"https:\/\/katecheza.diecezja.lublin.pl\/index.php\/2026\/08\/21\/konferencja-katechetyczna\/","title":{"rendered":"Konferencja Katechetyczna"},"content":{"rendered":"\n<p class=\"wp-block-paragraph\">Szanowni Katecheci<\/p>\n\n\n\n<p class=\"wp-block-paragraph\">Serdecznie dzi\u0119kujemy za udzia\u0142 w dorocznej Konferencji Katechetycznej<\/p>\n\n\n\n<p class=\"wp-block-paragraph\">kt\u00f3ra odby\u0142a si\u0119 w dniu <strong>29 sierpnia (sobota) 2026<\/strong> r.<\/p>\n\n\n\n<p class=\"wp-block-paragraph\">Poni\u017cej prezentujemy materia\u0142 z wyk\u0142adu O. dra hab. Miros\u0142awa Chmielewskiego, prof. KUL<\/p>\n\n\n\n<div class=\"wp-block-buttons is-layout-flex wp-block-buttons-is-layout-flex\"><\/div>\n\n\n\n<div data-wp-interactive=\"core\/file\" class=\"wp-block-file\"><object data-wp-bind--hidden=\"!state.hasPdfPreview\" hidden class=\"wp-block-file__embed\" data=\"https:\/\/katecheza.diecezja.lublin.pl\/wp-content\/uploads\/2026\/08\/INFORMATOR-POKONFERENCYJNY-1.pdf\" type=\"application\/pdf\" style=\"width:100%;height:600px\" aria-label=\"Osadzone z INFORMATOR POKONFERENCYJNY.\"><\/object><a id=\"wp-block-file--media-7ea6b0e1-3ef2-49e7-b0ec-2cc1a59e5208\" href=\"https:\/\/katecheza.diecezja.lublin.pl\/wp-content\/uploads\/2026\/08\/INFORMATOR-POKONFERENCYJNY-1.pdf\">INFORMATOR POKONFERENCYJNY<\/a><a href=\"https:\/\/katecheza.diecezja.lublin.pl\/wp-content\/uploads\/2026\/08\/INFORMATOR-POKONFERENCYJNY-1.pdf\" class=\"wp-block-file__button wp-element-button\" download aria-describedby=\"wp-block-file--media-7ea6b0e1-3ef2-49e7-b0ec-2cc1a59e5208\">Pobierz<\/a><\/div>\n\n\n\n<p class=\"wp-block-paragraph\"><\/p>\n\n\n\n<p class=\"wp-block-paragraph\">(<\/p>\n\n\n\n<p class=\"wp-block-paragraph\"><\/p>\n","protected":false},"excerpt":{"rendered":"<p>Szanowni Katecheci Serdecznie dzi\u0119kujemy za udzia\u0142 w dorocznej Konferencji Katechetycznej kt\u00f3ra odby\u0142a si\u0119 w dniu 29 sierpnia (sobota) 2026 r. Poni\u017cej prezentujemy materia\u0142 z wyk\u0142adu O. dra hab. Miros\u0142awa Chmielewskiego, prof. KUL (<\/p>\n","protected":false},"author":2,"featured_media":3976,"comment_status":"closed","ping_status":"open","sticky":false,"template":"","format":"standard","meta":{"footnotes":""},"categories":[1],"tags":[],"class_list":["post-3979","post","type-post","status-publish","format-standard","has-post-thumbnail","hentry","category-bez-kategorii"],"_links":{"self":[{"href":"https:\/\/katecheza.diecezja.lublin.pl\/index.php\/wp-json\/wp\/v2\/posts\/3979","targetHints":{"allow":["GET"]}}],"collection":[{"href":"https:\/\/katecheza.diecezja.lublin.pl\/index.php\/wp-json\/wp\/v2\/posts"}],"about":[{"href":"https:\/\/katecheza.diecezja.lublin.pl\/index.php\/wp-json\/wp\/v2\/types\/post"}],"author":[{"embeddable":true,"href":"https:\/\/katecheza.diecezja.lublin.pl\/index.php\/wp-json\/wp\/v2\/users\/2"}],"replies":[{"embeddable":true,"href":"https:\/\/katecheza.diecezja.lublin.pl\/index.php\/wp-json\/wp\/v2\/comments?post=3979"}],"version-history":[{"count":5,"href":"https:\/\/katecheza.diecezja.lublin.pl\/index.php\/wp-json\/wp\/v2\/posts\/3979\/revisions"}],"predecessor-version":[{"id":3990,"href":"https:\/\/katecheza.diecezja.lublin.pl\/index.php\/wp-json\/wp\/v2\/posts\/3979\/revisions\/3990"}],"wp:featuredmedia":[{"embeddable":true,"href":"https:\/\/katecheza.diecezja.lublin.pl\/index.php\/wp-json\/wp\/v2\/media\/3976"}],"wp:attachment":[{"href":"https:\/\/katecheza.diecezja.lublin.pl\/index.php\/wp-json\/wp\/v2\/media?parent=3979"}],"wp:term":[{"taxonomy":"category","embeddable":true,"href":"https:\/\/katecheza.diecezja.lublin.pl\/index.php\/wp-json\/wp\/v2\/categories?post=3979"},{"taxonomy":"post_tag","embeddable":true,"href":"https:\/\/katecheza.diecezja.lublin.pl\/index.php\/wp-json\/wp\/v2\/tags?post=3979"}],"curies":[{"name":"wp","href":"https:\/\/api.w.org\/{rel}","templated":true}]}}